{"id":9248,"date":"2026-08-06T21:07:17","date_gmt":"2026-08-06T21:07:17","guid":{"rendered":"https:\/\/beautyinthebroken.nl\/?p=9248"},"modified":"2026-08-17T08:11:11","modified_gmt":"2026-08-17T08:11:11","slug":"mijn-ziel-keer-terug-tot-uw-rust","status":"publish","type":"post","link":"https:\/\/beautyinthebroken.nl\/index.php\/2026\/08\/06\/mijn-ziel-keer-terug-tot-uw-rust\/","title":{"rendered":"&#8220;Mijn ziel, keer terug tot uw rust!&#8221;"},"content":{"rendered":"\n<p class=\"has-medium-font-size wp-block-paragraph\">Onder de open hemel, in ons besloten achtertuintje zet ik mij dan eindelijk tot het schrijven van dit blog. Als je weken onderweg bent, van Boven overgehaald moet worden tevoorschijn te komen, waar begin je dan? Er is zoveel gebeurt!<\/p>\n\n\n\n<p class=\"has-medium-font-size wp-block-paragraph\">Welke titel mag dit stukje van Gods verhaal met mij dragen? Ik schreef enkele opties in mijn gebedenboek en landde uiteindelijk op de laatste. Maar het is allemaal waar, <em>\u2018Het mag een naam hebben.\u2019<\/em> -ik weersta de neiging om het woordje \u2018eindelijk\u2019 ertussen te voegen- of wat dacht je van deze? <em>\u2018Een offer van dankzegging!\u2019 <\/em>Tenslotte werd het: <strong>\u2018Mijn ziel, keer terug tot uw rust.\u2019<\/strong><\/p>\n\n\n\n<h3 class=\"wp-block-heading has-text-align-center\"><strong>\u201cWant de HEERE is goed voor u geweest.\u201d<\/strong><\/h3>\n\n\n\n<hr class=\"wp-block-separator has-text-color has-alpha-channel-opacity has-background is-style-wide\" style=\"background-color:#fcf100;color:#fcf100\"\/>\n\n\n\n<p class=\"wp-block-paragraph\"><\/p>\n\n\n\n<p class=\"has-text-align-center has-small-font-size wp-block-paragraph\">Psalm 116:7<\/p>\n\n\n\n<p class=\"has-medium-font-size wp-block-paragraph\"><strong>Het mag een naam hebben.<\/strong> Heden ben ik in de afrondende fase van een onderzoek en behandeltraject bij Eleos (GGZ). Wat blijkt? Ik heb een brein dat net even anders werkt. Ik scoorde hoog op alle kenmerken van ADHD. Mijn brein heeft aandacht voor alles en grote moeite met focus. Dat ik continu een vol en hyperactief hoofd heb, is wel een understatement! Laatst schreef ik de volgende tekst op Instagram: <em>\u2018Wakker worden. Het staat bij mij gelijk aan chaos. Tot Hij mij een nieuw lied in de mond legt. Het besef krankzinnig gezegend te zijn.. d\u00e1t overstemd alle gekmakende gedachten!\u2019 <\/em>Ja, ik ken het concept \u2018stilte\u2019 en \u2018rust\u2019 alleen van momenten met de HEERE. De mentale overprikkeling is enorm maar er is meer dat onder de noemer ADHD valt.<\/p>\n\n\n\n<p class=\"has-medium-font-size wp-block-paragraph\"><strong>De executieve functies. <\/strong>Ook wel hogere cognitieve processen genoemd. Dat zijn de hersenfuncties die helpen om doelgericht te handelen, te plannen, gedrag te reguleren en problemen op te lossen. Bij ADHD\u2019ers is dit veel moeilijker omdat de informatie door het brein letterlijk omwegen bewandeld. Ineens begreep ik waarom \u2018simpele taken\u2019 mij zoveel kostten. Werkgeheugen \u00e9n impulscontrole is minder aanwezig bij ADHD. Zoiets als \u2018de vaatwasser doen\u2019 kan betekenen dat ik onder grote(!) innerlijke stress 1 uur later \u2018afhaak\u2019 <em>&#8211; Dat de schone vaat wel in de kast staat, praatje met de postbode is gemaakt, die ene mail beantwoord. Die brief naar boven meegenomen, naar het toilet geweest, wc papier aangevuld, prullenbak geleegd, black out starend in de spiegel \u2018hoe lang nog?\u2019 en \u2018hoe zal het met die gaan?\u2019 en O ja, terug naar de vaatwasser. Boem, kapot moe, batterij leeg. Want al die tijd stonden er drie radiozenders aan in mijn hoofd. Had ik al gezegd dat het aanrecht nog vol vuile vaat staat? \u2013 <\/em>dat dus.<br><\/p>\n\n\n\n<p class=\"has-medium-font-size wp-block-paragraph\">Ik moet even diep zuchten.. terug naar de titel. &#8220;Mijn ziel, keer terug tot uw rust want de HEERE is goed voor u geweest.\u201d<\/p>\n\n\n\n<figure class=\"wp-block-image size-large\"><img loading=\"lazy\" decoding=\"async\" width=\"1024\" height=\"250\" src=\"https:\/\/beautyinthebroken.nl\/wp-content\/uploads\/2026\/08\/20240618_220842-2-1024x250.jpg\" alt=\"\" class=\"wp-image-9286\" srcset=\"https:\/\/beautyinthebroken.nl\/wp-content\/uploads\/2026\/08\/20240618_220842-2-1024x250.jpg 1024w, https:\/\/beautyinthebroken.nl\/wp-content\/uploads\/2026\/08\/20240618_220842-2-300x73.jpg 300w, https:\/\/beautyinthebroken.nl\/wp-content\/uploads\/2026\/08\/20240618_220842-2-768x188.jpg 768w, https:\/\/beautyinthebroken.nl\/wp-content\/uploads\/2026\/08\/20240618_220842-2-1536x375.jpg 1536w, https:\/\/beautyinthebroken.nl\/wp-content\/uploads\/2026\/08\/20240618_220842-2-2048x500.jpg 2048w, https:\/\/beautyinthebroken.nl\/wp-content\/uploads\/2026\/08\/20240618_220842-2-1140x278.jpg 1140w\" sizes=\"auto, (max-width: 1024px) 100vw, 1024px\" \/><\/figure>\n\n\n\n<p class=\"wp-block-paragraph\"><\/p>\n\n\n\n<p class=\"has-medium-font-size wp-block-paragraph\"><strong>De doorn in mijn vlees<\/strong> heeft nu een naam. Ik hoef de zwarte kant hier niet uit te meten, de HEERE weet het. Het is nu in het licht, dat is goed. De leugens van de vijand kunnen minder weerklank vinden als je de waarheid kent.<\/p>\n\n\n\n<p class=\"wp-block-paragraph\"><\/p>\n\n\n\n<h5 class=\"wp-block-heading has-text-align-center\">\u201cMij is een doorn in het vlees gegeven, een engel van de satan, om mij met vuisten te slaan, opdat ik mij niet zou verheffen. Hierover heb ik de Heere driemaal gesmeekt dat hij van mij weg zou gaan. Maar Hij heeft tegen mij gezegd: <\/h5>\n\n\n\n<h4 class=\"wp-block-heading has-text-align-center\"><strong>Mijn genade is voor u genoeg, <\/strong><\/h4>\n\n\n\n<h4 class=\"wp-block-heading has-text-align-center\"><strong>want Mijn kracht wordt in zwakheid volbracht.\u201d<\/strong><\/h4>\n\n\n\n<p class=\"has-text-align-center has-small-font-size wp-block-paragraph\">2 Korinti\u00ebrs 12:7b-9a<\/p>\n\n\n\n<hr class=\"wp-block-separator has-text-color has-alpha-channel-opacity has-background is-style-wide\" style=\"background-color:#fcf100;color:#fcf100\"\/>\n\n\n\n<p class=\"wp-block-paragraph\"><\/p>\n\n\n\n<p class=\"has-medium-font-size wp-block-paragraph\"><strong>De schoonheid van ADHD.<\/strong> Er is ook een lichte kant! Ik geloof dat veel ADHD\u2019ers zich zullen herkennen in het volgende: borrelend vat van creativiteit, unieke verbanden en oplossingen zien. \u2018Outside the box\u2019 denken als standaard. Vol van echte passie! Vaak hoog sensitief en vol verwondering. Nieuw onderwerp? Vraag het een ADHD\u2019er hij\/zij heeft er waarschijnlijk al over nagedacht. <\/p>\n\n\n\n<figure class=\"wp-block-image size-large\"><img loading=\"lazy\" decoding=\"async\" width=\"1024\" height=\"421\" src=\"https:\/\/beautyinthebroken.nl\/wp-content\/uploads\/2026\/08\/20260719_135428-1024x421.jpg\" alt=\"\" class=\"wp-image-9287\" srcset=\"https:\/\/beautyinthebroken.nl\/wp-content\/uploads\/2026\/08\/20260719_135428-1024x421.jpg 1024w, https:\/\/beautyinthebroken.nl\/wp-content\/uploads\/2026\/08\/20260719_135428-300x123.jpg 300w, https:\/\/beautyinthebroken.nl\/wp-content\/uploads\/2026\/08\/20260719_135428-768x315.jpg 768w, https:\/\/beautyinthebroken.nl\/wp-content\/uploads\/2026\/08\/20260719_135428-1536x631.jpg 1536w, https:\/\/beautyinthebroken.nl\/wp-content\/uploads\/2026\/08\/20260719_135428-2048x841.jpg 2048w, https:\/\/beautyinthebroken.nl\/wp-content\/uploads\/2026\/08\/20260719_135428-1140x468.jpg 1140w\" sizes=\"auto, (max-width: 1024px) 100vw, 1024px\" \/><\/figure>\n\n\n\n<p class=\"has-background has-medium-font-size wp-block-paragraph\" style=\"background-color:#f0fc0047\">ADHD heeft (voor mij) 100% twee kanten. Het doet mij denken aan Job 2:10 &#8211; <strong>&#8220;Zouden wij het goede wel van God ontvangen en zouden we het kwade niet ontvangen?&#8221;<\/strong><\/p>\n\n\n\n<p class=\"has-medium-font-size wp-block-paragraph\">Het heeft nu een naam en ik hoef er mijn identiteit niet in te vinden, die ligt in een Ander! Mijn vragen hoeven niet weg gemaakt. De Heere zal wel weten wat daarmee moet. Bij Hem mogen al mijn pijn en vragen, zijn. Het antwoord weefde Abba Zelf al in beginsel in mijn leven. <\/p>\n\n\n\n<p class=\"has-medium-font-size wp-block-paragraph\"><strong>Halleluja! Hij maakte beslist g\u00e9\u00e9n vergissing toen Hij mij schiep!<\/strong> &#8220;Zei ik: Ja, duisternis zal mij opslokken! \u2013 dan is de nacht een licht om mij heen. Zelfs de duisternis maakt het voor U niet duister, maar de nacht licht op als de dag, de duisternis is als het licht. Ik loof U omdat ik ontzagwekkend wonderlijk gemaakt ben; wonderlijk zijn Uw werken, mijn ziel weet dat zeer goed.<\/p>\n\n\n\n<hr class=\"wp-block-separator has-text-color has-alpha-channel-opacity has-background is-style-wide\" style=\"background-color:#fcf100;color:#fcf100\"\/>\n\n\n\n<p class=\"wp-block-paragraph\"><\/p>\n\n\n\n<h3 class=\"wp-block-heading has-text-align-center has-medium-font-size\"><strong>Uw ogen hebben mijn ongevormd begin gezien,<br>en zij alle werden in Uw boek beschreven,<br>de dagen dat zij gevormd werden,<br>toen er nog niet \u00e9\u00e9n van hen bestond.&#8221;<\/strong><br><\/h3>\n\n\n\n<p class=\"wp-block-paragraph\"><\/p>\n\n\n\n<hr class=\"wp-block-separator has-text-color has-alpha-channel-opacity has-background is-style-wide\" style=\"background-color:#fcf100;color:#fcf100\"\/>\n\n\n\n<p class=\"wp-block-paragraph\"><\/p>\n\n\n\n<p class=\"has-text-align-center has-small-font-size wp-block-paragraph\">Psalm 139: 11,12, 14 &amp; 16<\/p>\n\n\n\n<p class=\"has-text-align-left has-medium-font-size wp-block-paragraph\"><strong>De HEERE is goed voor u geweest.<\/strong> Ja, Hij is goed voor mij geweest. Alle dagen! Ik slik om de zwaarte in het terugblikken. Alle dagen.. Dat kwam afgelopen zondagochtend wel in het bijzonder openbaar. Sinds lange tijd mocht ik weer in de kerk zijn! Ik durfde hier eigenlijk niet \u2018uitgesproken aandacht\u2019 aan te besteden. Nou ja, ik durf nog steeds niet, maar de optie te zwijgen is me ontnomen. Ik wil u\/jou als lezer graag meenemen in dit proces, want God moet de eer krijgen! -speciaal voor degenen die moeilijk kunnen geloven dat God (nog) spreekt- hier onder een rij citaten uit mijn gebedenboek.<\/p>\n\n\n\n<p class=\"has-background has-medium-font-size wp-block-paragraph\" style=\"background-color:#abb7c221\"><em>Do 9 juli \u2013 <\/em>Hier ben ik HEER, leer mij U de eer en mijn al te geven. Het is zoals Ann Voskamp zegt; Wat ons redt en geneest is verbinding \u2013 hechting aan onze mensen, ons lichaam, onze ziel en bovenal; aan onze God. <em>Vr 10 juli \u2013<\/em> Wat is Uw Naam; HEERlijk, zoet, dierbaar.. ik wil het van de daken roepen; Jezus, Jezus, Jezus! .. Leer mij keer op keer dat ik vrij b\u00e9n. .. En mijn wereld schuift voor een moment onderste boven -in heilige verwondering- Letterlijk, heden iemand op het dak bij de achterburen. Gevelreiniging en ook de ramen worden schoon. En Uw Naam roept van de daken!<\/p>\n\n\n\n<div class=\"wp-block-cover\"><img loading=\"lazy\" decoding=\"async\" width=\"1024\" height=\"341\" class=\"wp-block-cover__image-background wp-image-9288\" alt=\"\" src=\"https:\/\/beautyinthebroken.nl\/wp-content\/uploads\/2026\/08\/20260710_141520-kopie-1024x341.jpg\" data-object-fit=\"cover\" srcset=\"https:\/\/beautyinthebroken.nl\/wp-content\/uploads\/2026\/08\/20260710_141520-kopie-1024x341.jpg 1024w, https:\/\/beautyinthebroken.nl\/wp-content\/uploads\/2026\/08\/20260710_141520-kopie-300x100.jpg 300w, https:\/\/beautyinthebroken.nl\/wp-content\/uploads\/2026\/08\/20260710_141520-kopie-768x256.jpg 768w, https:\/\/beautyinthebroken.nl\/wp-content\/uploads\/2026\/08\/20260710_141520-kopie-1536x511.jpg 1536w, https:\/\/beautyinthebroken.nl\/wp-content\/uploads\/2026\/08\/20260710_141520-kopie-2048x682.jpg 2048w, https:\/\/beautyinthebroken.nl\/wp-content\/uploads\/2026\/08\/20260710_141520-kopie-1140x379.jpg 1140w\" sizes=\"auto, (max-width: 1024px) 100vw, 1024px\" \/><span aria-hidden=\"true\" class=\"wp-block-cover__background has-background-dim\"><\/span><div class=\"wp-block-cover__inner-container is-layout-flow wp-block-cover-is-layout-flow\">\n<p class=\"wp-block-paragraph\"><\/p>\n\n\n\n<p class=\"wp-block-paragraph\"><\/p>\n\n\n\n<p class=\"wp-block-paragraph\"><\/p>\n\n\n\n<h4 class=\"wp-block-heading has-text-align-center has-white-color has-text-color has-link-color wp-elements-27e4d33da1d033175591c411e2a310ff\"><strong>Check dat T-shirt! &#8211; 2 Korinti\u00ebrs 3:17<\/strong><\/h4>\n\n\n\n<h3 class=\"wp-block-heading has-text-align-center has-white-color has-text-color has-link-color wp-elements-f5f9483b1ee4ec0d41ce46415f7ee369\"><strong>\u201cDe Heere nu is de Geest; en waar de Geest van de Heere is, daar is vrijheid.\u201d<\/strong><\/h3>\n<\/div><\/div>\n\n\n\n<p class=\"has-background has-medium-font-size wp-block-paragraph\" style=\"background-color:#abb7c221\"><em>Zo 12 juli \u2013<\/em> Mijn duif in de kloven van de rots.. <em>Ma 13 juli &#8211;<\/em> Dank U HEERE! Voor hernieuwde hechting aan U.. dat U steeds weer deze weggesloten, verwondde duif opzoekt.. U alleen kunt mijn hart vervullen, mijn aanbidding is voor U! <em>Di 14 juli \u2013<\/em> Deze ochtend is het weer zo pijnlijk doods.. teruggetrokken uit mijzelf.. Maar U, U weet mij wel te vinden. <em>\u2018Vraag naar de HEERE en Zijn kracht, zoek Zijn aangezicht voortdurend.\u2019<\/em> (Psalm 105:4). Ik beland voor het eerst bij Groot Nieuws Radio en val middenin de ochtend meditatie. Een jongen \u2018opgesloten\u2019 in een rots\/grot, krijgt claustrofobie. De gids zegt, doe je ogen dicht en luister naar mijn stem! Ik ben hier vaker geweest, ik breng je hier weer uit. -de stem uit de radio gaat gewoon verder- Zit je in het donker? Luister naar Zijn stem! Vervolgens gaat het erover dat het volwassen brein nieuwe paden kan aanmaken(!) Onderwerp mijn al, \u00f3\u00f3k mijn brein, aan U! Aan Uw wegen.. leg nieuwe paden. U bent de God Die zegt; Ik maak alle dingen nieuw.<br><em>Zo 19 juli \u2013<\/em> (Ik volg de livestream kerkdienst) U zet het beeld stil na de vraag; waar leef je voor? Prompt word Psalm 25 vers 2 gezongen.. waarna; -STORING een moment geduld a.u.b.- (geschonken tijd om te overdenken) Waar leef ik voor? Om de werken van de HEERE te vertellen! De weg vooruit is steeds weer te vinden waar U in mijn leven begon. <em>\u2018HEERE ai maak mij, Uwe wegen door Uw Woord en Geest bekend, .. want Gij zijt mijn heil, O HEER! Ik blijf U al de dag verwachten.&#8217;<\/em> Hineni. Hier ben ik. Ik wacht. Mijn hoop is op U.<\/p>\n\n\n\n<p class=\"has-medium-font-size wp-block-paragraph\">Ineens is er genoeg geciteerd, hoe weet je wanneer het teveel over jezelf gaat? Ik hoop dat de boodschap helder is, God spreekt en leidt! Wij gingen afgelopen zondag aan het einde van de kerkdienst stilletjes naar huis.. maar stil blijven is geen optie! Gisteren las ik over de genezing van de tien melaatsen. De dag tekst in mijn dagboek: <em>\u2018Toen antwoordde Jezus en zei: Zijn niet de tien gereinigd? Waar zijn dan de negen anderen? Zijn er dan geen anderen gevonden die terugkeren om God de eer te geven dan deze vreemdeling?\u2019<\/em> Lukas 17:17-18<\/p>\n\n\n\n<h5 class=\"wp-block-heading has-text-align-center has-medium-font-size\"><strong>&#8220;Zijn er dan geen anderen gevonden die terugkeren om God de eer te geven?!&#8221;<\/strong><\/h5>\n\n\n\n<hr class=\"wp-block-separator has-text-color has-alpha-channel-opacity has-background is-style-wide\" style=\"background-color:#fcf100;color:#fcf100\"\/>\n\n\n\n<p class=\"wp-block-paragraph\"><\/p>\n\n\n\n<p class=\"has-medium-font-size wp-block-paragraph\"><strong>Een offer van dankzegging!<\/strong> Het herstel is nog zo uiterst pril en kwetsbaar. Maar misschien was de nieuwe huid van de genezen melaatse dat \u00f3\u00f3k wel. Ik mag leren dit geschenk te ontvangen. Ik word uitgeleid uit de verstikkende verwachtingen die ik mijzelf dreig op te leggen. Want leven van genade maakt vrij! Jezelf l\u00e1ten leiden blijkt keer op keer ontzaglijk heilzaam te zijn! Voor mij de genade, aan God al de eer!<\/p>\n\n\n\n<p class=\"has-medium-font-size wp-block-paragraph\"><strong>Een nieuwe dag. <\/strong>Deze morgen was Psalm 116 aan de beurt te lezen. Ik las over de macht van de dood, benauwdheid en verdriet. Maar ook; \u2018Ik was uitgeteerd, maar Hij heeft mij verlost! En.. U hebt mijn boeien losgemaakt.\u2019 De Woorden springen mij tegemoet en werden eindelijk tot prioriteit vandaag.<\/p>\n\n\n\n<h4 class=\"wp-block-heading has-text-align-center\"><strong>\u201cIk zal U een offer van dankzegging brengen en de Naam van de HEERE aanroepen. Mijn geloften zal ik aan de HEERE nakomen, nu, in de tegenwoordigheid van al Zijn volk, in de voorhoven van het huis van de HEERE, in uw midden, Jeruzalem.<br>Halleluja!\u201d<\/strong><\/h4>\n\n\n\n<p class=\"has-text-align-center has-small-font-size wp-block-paragraph\">Psalm 116:17-19<\/p>\n\n\n\n<figure class=\"wp-block-image size-large\"><img loading=\"lazy\" decoding=\"async\" width=\"1024\" height=\"330\" src=\"https:\/\/beautyinthebroken.nl\/wp-content\/uploads\/2026\/08\/regen-boog-1024x330.jpg\" alt=\"\" class=\"wp-image-9297\" srcset=\"https:\/\/beautyinthebroken.nl\/wp-content\/uploads\/2026\/08\/regen-boog-1024x330.jpg 1024w, https:\/\/beautyinthebroken.nl\/wp-content\/uploads\/2026\/08\/regen-boog-300x97.jpg 300w, https:\/\/beautyinthebroken.nl\/wp-content\/uploads\/2026\/08\/regen-boog-768x247.jpg 768w, https:\/\/beautyinthebroken.nl\/wp-content\/uploads\/2026\/08\/regen-boog-1536x495.jpg 1536w, https:\/\/beautyinthebroken.nl\/wp-content\/uploads\/2026\/08\/regen-boog-2048x659.jpg 2048w, https:\/\/beautyinthebroken.nl\/wp-content\/uploads\/2026\/08\/regen-boog-1140x367.jpg 1140w\" sizes=\"auto, (max-width: 1024px) 100vw, 1024px\" \/><\/figure>\n\n\n\n<p class=\"has-background has-medium-font-size wp-block-paragraph\" style=\"background-color:#f0fc0047\">Het Schriftgedeelte dat vandaag bij mijn dagboek aan de beurt was? Hebree\u00ebn H2. &#8220;Immers, zowel Hij Die heiligt als zij die geheiligd worden, zijn allen uit \u00e9\u00e9n. <strong>Daarom schaamt Hij Zich er niet voor hen broeders te noemen, want Hij zegt: Ik zal Uw Naam aan Mijn broeders verkondigen; te midden van de gemeente zal Ik U lofzingen.&#8221;<\/strong> &#8211; Hebree\u00ebn 2:11-12.<\/p>\n\n\n\n<p class=\"has-medium-font-size wp-block-paragraph\"><strong>Jezus schaamt zich niet voor ons<\/strong> -Gods kinderen- als dat geen machtig wonder is!? Onbegrijpelijk, om stil van te worden. Dit blog verhaal heeft zich uiteindelijk losgemaakt uit mijn hart, een klein fragment van Gods verhaal met mij. De dagelijkse worsteling blijft en dwars daar doorheen brengt de HEERE mij meer en meer -\u00e9\u00e9n gedachte per keer- in het licht. <em>&#8216;Want bij U is de bron van het leven; in Uw licht zien wij het licht.&#8217;<\/em> (Psalm 36:10). Daarom verlang ik -in alle gebrek- Christus voorbeeld te volgen; &#8216;Ik zal Uw Naam aan mijn broeders en zusters verkondigen; te midden van de gemeente zal ik U lofzingen.&#8217; <\/p>\n\n\n\n<p class=\"has-medium-font-size wp-block-paragraph\">Lees tip: Lukas H17 vers 11 t\/m 19 &amp; Psalm 116<\/p>\n\n\n\n<p class=\"has-medium-font-size wp-block-paragraph\">Lees <strong><a href=\"https:\/\/beautyinthebroken.nl\/index.php\/2025\/11\/13\/vreugde-op-het-kerkplein\/\" data-type=\"link\" data-id=\"https:\/\/beautyinthebroken.nl\/index.php\/2025\/11\/13\/vreugde-op-het-kerkplein\/\">hier meer<\/a><\/strong> over &#8220;vreugde op het kerkplein.&#8221;<\/p>\n\n\n\n<p class=\"has-medium-font-size wp-block-paragraph\"><strong><em>Deo Volente tot blogs!<\/em><\/strong><\/p>\n\n\n\n<figure class=\"wp-block-image size-medium is-resized\"><img loading=\"lazy\" decoding=\"async\" width=\"300\" height=\"300\" src=\"https:\/\/beautyinthebroken.nl\/wp-content\/uploads\/2025\/01\/Screenshot_20230124_181444_Samsung-Notes-300x300.jpg\" alt=\"\" class=\"wp-image-7317\" style=\"width:218px;height:auto\" srcset=\"https:\/\/beautyinthebroken.nl\/wp-content\/uploads\/2025\/01\/Screenshot_20230124_181444_Samsung-Notes-300x300.jpg 300w, https:\/\/beautyinthebroken.nl\/wp-content\/uploads\/2025\/01\/Screenshot_20230124_181444_Samsung-Notes-150x150.jpg 150w, https:\/\/beautyinthebroken.nl\/wp-content\/uploads\/2025\/01\/Screenshot_20230124_181444_Samsung-Notes-768x768.jpg 768w, https:\/\/beautyinthebroken.nl\/wp-content\/uploads\/2025\/01\/Screenshot_20230124_181444_Samsung-Notes-75x75.jpg 75w, https:\/\/beautyinthebroken.nl\/wp-content\/uploads\/2025\/01\/Screenshot_20230124_181444_Samsung-Notes.jpg 864w\" sizes=\"auto, (max-width: 300px) 100vw, 300px\" \/><\/figure>\n\n\n\n<p class=\"has-small-font-size wp-block-paragraph\">BLOG 99 &#8211; Woensdag 5 augustus 2026<\/p>\n\n\n\n<p class=\"wp-block-paragraph\"><\/p>\n","protected":false},"excerpt":{"rendered":"<p>Onder de open hemel, in ons besloten achtertuintje zet ik mij dan eindelijk tot het schrijven van dit blog. Als je weken onderweg bent, van Boven overgehaald moet worden tevoorschijn te komen, waar begin je dan? Er is zoveel gebeurt! Welke titel mag dit stukje van Gods verhaal met mij dragen? Ik schreef enkele opties in mijn gebedenboek en landde uiteindelijk op de laatste. Maar het is allemaal waar, \u2018Het mag een naam hebben.\u2019 -ik weersta de neiging om het woordje \u2018eindelijk\u2019 ertussen te voegen- of wat dacht je van deze? \u2018Een offer van dankzegging!\u2019 Tenslotte werd het: \u2018Mijn ziel, keer terug tot uw rust.\u2019 \u201cWant de HEERE is goed voor u geweest.\u201d Psalm 116:7 Het mag een naam hebben. Heden ben ik in de afrondende fase van een onderzoek en behandeltraject bij Eleos (GGZ). Wat blijkt? Ik heb een brein dat net even anders werkt. Ik scoorde hoog op alle kenmerken van ADHD. Mijn brein heeft aandacht voor alles en grote moeite met focus. Dat ik continu een vol en hyperactief hoofd heb, is wel een understatement! Laatst schreef ik de volgende tekst op Instagram: \u2018Wakker worden. Het staat bij mij gelijk aan chaos. Tot Hij mij een nieuw lied in de mond legt. Het besef krankzinnig gezegend te zijn.. d\u00e1t overstemd alle gekmakende gedachten!\u2019 Ja, ik ken het concept \u2018stilte\u2019 en \u2018rust\u2019 alleen van momenten met de HEERE. De mentale overprikkeling is enorm maar er is meer dat onder de noemer ADHD valt. De executieve functies. Ook wel hogere cognitieve processen genoemd. Dat zijn de hersenfuncties die helpen om doelgericht te handelen, te plannen, gedrag te reguleren en problemen op te lossen. Bij ADHD\u2019ers is dit veel moeilijker omdat de informatie door het brein letterlijk omwegen bewandeld. Ineens begreep ik waarom \u2018simpele taken\u2019 mij zoveel kostten. Werkgeheugen \u00e9n impulscontrole is minder aanwezig bij ADHD. Zoiets als \u2018de vaatwasser doen\u2019 kan betekenen dat ik onder grote(!) innerlijke stress 1 uur later \u2018afhaak\u2019 &#8211; Dat de schone vaat wel in de kast staat, praatje met de postbode is gemaakt, die ene mail beantwoord. Die brief naar boven meegenomen, naar het toilet geweest, wc papier aangevuld, prullenbak geleegd, black out starend in de spiegel \u2018hoe lang nog?\u2019 en \u2018hoe zal het met die gaan?\u2019 en O ja, terug naar de vaatwasser. Boem, kapot moe, batterij leeg. Want al die tijd stonden er drie radiozenders aan in mijn hoofd. Had ik al gezegd dat het aanrecht nog vol vuile vaat staat? \u2013 dat dus. Ik moet even diep zuchten.. terug naar de titel. &#8220;Mijn ziel, keer terug tot uw rust want de HEERE is goed voor u geweest.\u201d De doorn in mijn vlees heeft nu een naam. Ik hoef de zwarte kant hier niet uit te meten, de HEERE weet het. Het is nu in het licht, dat is goed. De leugens van de vijand kunnen minder weerklank vinden als je de waarheid kent. \u201cMij is een doorn in het vlees gegeven, een engel van de satan, om mij met vuisten te slaan, opdat ik mij niet zou verheffen. Hierover heb ik de Heere driemaal gesmeekt dat hij van mij weg zou gaan. Maar Hij heeft tegen mij gezegd: Mijn genade is voor u genoeg, want Mijn kracht wordt in zwakheid volbracht.\u201d 2 Korinti\u00ebrs 12:7b-9a De schoonheid van ADHD. Er is ook een lichte kant! Ik geloof dat veel ADHD\u2019ers zich zullen herkennen in het volgende: borrelend vat van creativiteit, unieke verbanden en oplossingen zien. \u2018Outside the box\u2019 denken als standaard. Vol van echte passie! Vaak hoog sensitief en vol verwondering. Nieuw onderwerp? Vraag het een ADHD\u2019er hij\/zij heeft er waarschijnlijk al over nagedacht. ADHD heeft (voor mij) 100% twee kanten. Het doet mij denken aan Job 2:10 &#8211; &#8220;Zouden wij het goede wel van God ontvangen en zouden we het kwade niet ontvangen?&#8221; Het heeft nu een naam en ik hoef er mijn identiteit niet in te vinden, die ligt in een Ander! Mijn vragen hoeven niet weg gemaakt. De Heere zal wel weten wat daarmee moet. Bij Hem mogen al mijn pijn en vragen, zijn. Het antwoord weefde Abba Zelf al in beginsel in mijn leven. Halleluja! Hij maakte beslist g\u00e9\u00e9n vergissing toen Hij mij schiep! &#8220;Zei ik: Ja, duisternis zal mij opslokken! \u2013 dan is de nacht een licht om mij heen. Zelfs de duisternis maakt het voor U niet duister, maar de nacht licht op als de dag, de duisternis is als het licht. Ik loof U omdat ik ontzagwekkend wonderlijk gemaakt ben; wonderlijk zijn Uw werken, mijn ziel weet dat zeer goed. Uw ogen hebben mijn ongevormd begin gezien,en zij alle werden in Uw boek beschreven,de dagen dat zij gevormd werden,toen er nog niet \u00e9\u00e9n van hen bestond.&#8221; Psalm 139: 11,12, 14 &amp; 16 De HEERE is goed voor u geweest. Ja, Hij is goed voor mij geweest. Alle dagen! Ik slik om de zwaarte in het terugblikken. Alle dagen.. Dat kwam afgelopen zondagochtend wel in het bijzonder openbaar. Sinds lange tijd mocht ik weer in de kerk zijn! Ik durfde hier eigenlijk niet \u2018uitgesproken aandacht\u2019 aan te besteden. Nou ja, ik durf nog steeds niet, maar de optie te zwijgen is me ontnomen. Ik wil u\/jou als lezer graag meenemen in dit proces, want God moet de eer krijgen! -speciaal voor degenen die moeilijk kunnen geloven dat God (nog) spreekt- hier onder een rij citaten uit mijn gebedenboek. Do 9 juli \u2013 Hier ben ik HEER, leer mij U de eer en mijn al te geven. Het is zoals Ann Voskamp zegt; Wat ons redt en geneest is verbinding \u2013 hechting aan onze mensen, ons lichaam, onze ziel en bovenal; aan onze God. Vr 10 juli \u2013 Wat is Uw Naam; HEERlijk, zoet, dierbaar.. ik wil het van de daken roepen; Jezus, Jezus, Jezus! .. Leer mij keer op keer dat ik vrij b\u00e9n. .. En mijn wereld schuift voor een moment onderste boven -in heilige verwondering- Letterlijk, heden iemand op het dak bij de achterburen. Gevelreiniging en ook de ramen worden schoon. En Uw Naam roept van de daken! Zo 12 juli \u2013 Mijn duif in de kloven van de rots.. Ma 13 juli &#8211; Dank U HEERE! Voor hernieuwde hechting aan U.. dat U steeds weer deze weggesloten, verwondde duif opzoekt.. U alleen kunt mijn hart vervullen, mijn aanbidding is voor U! Di 14 juli \u2013 Deze ochtend is het weer zo pijnlijk doods.. teruggetrokken uit mijzelf.. Maar U, U weet mij wel te vinden. \u2018Vraag naar de HEERE en Zijn kracht, zoek Zijn aangezicht voortdurend.\u2019 (Psalm 105:4). Ik beland voor het eerst bij Groot Nieuws Radio en val middenin de ochtend meditatie. Een jongen \u2018opgesloten\u2019 in een rots\/grot, krijgt claustrofobie. De gids zegt, doe je ogen dicht en luister naar mijn stem! Ik ben hier vaker geweest, ik breng je hier weer uit. -de stem uit de radio gaat gewoon verder- Zit je in het donker? Luister naar Zijn stem! Vervolgens gaat het erover dat het volwassen brein nieuwe paden kan aanmaken(!) Onderwerp mijn al, \u00f3\u00f3k mijn brein, aan U! Aan Uw wegen.. leg nieuwe paden. U bent de God Die zegt; Ik maak alle dingen nieuw.Zo 19 juli \u2013 (Ik volg de livestream kerkdienst) U zet het beeld stil na de vraag; waar leef je voor? Prompt word Psalm 25 vers 2 gezongen.. waarna; -STORING een moment geduld a.u.b.- (geschonken tijd om te overdenken) Waar leef ik voor? Om de werken van de HEERE te vertellen! De weg vooruit is steeds weer te vinden waar U in mijn leven begon. \u2018HEERE ai maak mij, Uwe wegen door Uw Woord en Geest bekend, .. want Gij zijt mijn heil, O HEER! Ik blijf U al de dag verwachten.&#8217; Hineni. Hier ben ik. Ik wacht. Mijn hoop is op U. Ineens is er genoeg geciteerd, hoe weet je wanneer het teveel over jezelf gaat? Ik hoop dat de boodschap helder is, God spreekt en leidt! Wij gingen afgelopen zondag aan het einde van de kerkdienst stilletjes naar huis.. maar stil blijven is geen optie! Gisteren las ik over de genezing van de tien melaatsen. De dag tekst in mijn dagboek: \u2018Toen antwoordde Jezus en zei: Zijn niet de tien gereinigd? Waar zijn dan de negen anderen? Zijn er dan geen anderen gevonden die terugkeren om God de eer te geven dan deze vreemdeling?\u2019 Lukas 17:17-18 &#8220;Zijn er dan geen anderen gevonden die terugkeren om God de eer te geven?!&#8221; Een offer van dankzegging! Het herstel is nog zo uiterst pril en kwetsbaar. Maar misschien was de nieuwe huid van de genezen melaatse dat \u00f3\u00f3k wel. Ik mag leren dit geschenk te ontvangen. Ik word uitgeleid uit de verstikkende verwachtingen die ik mijzelf dreig op te leggen. Want leven van genade maakt vrij! Jezelf l\u00e1ten leiden blijkt keer op keer ontzaglijk heilzaam te zijn! Voor mij de genade, aan God al de eer! Een nieuwe dag. Deze morgen was Psalm 116 aan de beurt te lezen. Ik las over de macht van de dood, benauwdheid en verdriet. Maar ook; \u2018Ik was uitgeteerd, maar Hij heeft mij verlost! En.. U hebt mijn boeien losgemaakt.\u2019 De Woorden springen mij tegemoet en werden eindelijk tot prioriteit vandaag. \u201cIk zal U een offer van dankzegging brengen en de Naam van de HEERE aanroepen. Mijn geloften zal ik aan de HEERE nakomen, nu, in de tegenwoordigheid van al Zijn volk, in de voorhoven van het huis van de HEERE, in uw midden, Jeruzalem.Halleluja!\u201d Psalm 116:17-19 Het Schriftgedeelte dat vandaag bij mijn dagboek aan de beurt was? Hebree\u00ebn H2. &#8220;Immers, zowel Hij Die heiligt als zij die geheiligd worden, zijn allen uit \u00e9\u00e9n. Daarom schaamt Hij Zich er niet voor hen broeders te noemen, want Hij zegt: Ik zal Uw Naam aan Mijn broeders verkondigen; te midden van de gemeente zal Ik U lofzingen.&#8221; &#8211; Hebree\u00ebn 2:11-12. Jezus schaamt zich niet voor ons -Gods kinderen- als dat geen machtig wonder is!? Onbegrijpelijk, om stil van te worden. Dit blog verhaal heeft zich uiteindelijk losgemaakt uit mijn hart, een klein fragment van Gods verhaal met mij. De dagelijkse worsteling blijft en dwars daar doorheen brengt de HEERE mij meer en meer -\u00e9\u00e9n gedachte per keer- in het licht. &#8216;Want bij U is de bron van het leven; in Uw licht zien wij het licht.&#8217; (Psalm 36:10). Daarom verlang ik -in alle gebrek- Christus voorbeeld te volgen; &#8216;Ik zal Uw Naam aan mijn broeders en zusters verkondigen; te midden van de gemeente zal ik U lofzingen.&#8217; Lees tip: Lukas H17 vers 11 t\/m 19 &amp; Psalm 116 Lees hier meer over &#8220;vreugde op het kerkplein.&#8221; Deo Volente tot blogs! BLOG 99 &#8211; Woensdag 5 augustus 2026<\/p>\n","protected":false},"author":1,"featured_media":9284,"comment_status":"closed","ping_status":"open","sticky":false,"template":"","format":"standard","meta":{"footnotes":""},"categories":[29],"tags":[],"class_list":["post-9248","post","type-post","status-publish","format-standard","has-post-thumbnail","hentry","category-zoals-klei"],"_links":{"self":[{"href":"https:\/\/beautyinthebroken.nl\/index.php\/wp-json\/wp\/v2\/posts\/9248","targetHints":{"allow":["GET"]}}],"collection":[{"href":"https:\/\/beautyinthebroken.nl\/index.php\/wp-json\/wp\/v2\/posts"}],"about":[{"href":"https:\/\/beautyinthebroken.nl\/index.php\/wp-json\/wp\/v2\/types\/post"}],"author":[{"embeddable":true,"href":"https:\/\/beautyinthebroken.nl\/index.php\/wp-json\/wp\/v2\/users\/1"}],"replies":[{"embeddable":true,"href":"https:\/\/beautyinthebroken.nl\/index.php\/wp-json\/wp\/v2\/comments?post=9248"}],"version-history":[{"count":63,"href":"https:\/\/beautyinthebroken.nl\/index.php\/wp-json\/wp\/v2\/posts\/9248\/revisions"}],"predecessor-version":[{"id":9374,"href":"https:\/\/beautyinthebroken.nl\/index.php\/wp-json\/wp\/v2\/posts\/9248\/revisions\/9374"}],"wp:featuredmedia":[{"embeddable":true,"href":"https:\/\/beautyinthebroken.nl\/index.php\/wp-json\/wp\/v2\/media\/9284"}],"wp:attachment":[{"href":"https:\/\/beautyinthebroken.nl\/index.php\/wp-json\/wp\/v2\/media?parent=9248"}],"wp:term":[{"taxonomy":"category","embeddable":true,"href":"https:\/\/beautyinthebroken.nl\/index.php\/wp-json\/wp\/v2\/categories?post=9248"},{"taxonomy":"post_tag","embeddable":true,"href":"https:\/\/beautyinthebroken.nl\/index.php\/wp-json\/wp\/v2\/tags?post=9248"}],"curies":[{"name":"wp","href":"https:\/\/api.w.org\/{rel}","templated":true}]}}